{"id":4226,"date":"2024-12-27T14:12:53","date_gmt":"2024-12-27T14:12:53","guid":{"rendered":"https:\/\/cityarc.de\/?p=4226"},"modified":"2026-03-27T13:05:54","modified_gmt":"2026-03-27T13:05:54","slug":"neckarpark-q8","status":"publish","type":"post","link":"https:\/\/cityarc.de\/en\/neckarpark-q8\/","title":{"rendered":"Neckarpark Q8"},"content":{"rendered":"<div data-elementor-type=\"wp-post\" data-elementor-id=\"4226\" class=\"elementor elementor-4226\" data-elementor-post-type=\"post\">\n\t\t\t\t<div class=\"elementor-element elementor-element-4f38e63 e-con-full e-flex wpr-particle-no wpr-jarallax-no wpr-parallax-no wpr-sticky-section-no e-con e-parent\" data-id=\"4f38e63\" data-element_type=\"container\" data-e-type=\"container\" data-settings=\"{&quot;background_background&quot;:&quot;classic&quot;}\">\n\t\t\t\t<\/div>\n\t\t<div class=\"elementor-element elementor-element-b4a5b4f e-flex e-con-boxed wpr-particle-no wpr-jarallax-no wpr-parallax-no wpr-sticky-section-no e-con e-parent\" data-id=\"b4a5b4f\" data-element_type=\"container\" data-e-type=\"container\">\n\t\t\t\t\t<div class=\"e-con-inner\">\n\t\t<div class=\"elementor-element elementor-element-012e47c e-con-full e-flex wpr-particle-no wpr-jarallax-no wpr-parallax-no wpr-sticky-section-no e-con e-child\" data-id=\"012e47c\" data-element_type=\"container\" data-e-type=\"container\">\n\t\t\t\t<div class=\"elementor-element elementor-element-1268019 elementor-widget elementor-widget-heading\" data-id=\"1268019\" data-element_type=\"widget\" data-e-type=\"widget\" data-widget_type=\"heading.default\">\n\t\t\t\t<div class=\"elementor-widget-container\">\n\t\t\t\t\t<h1 class=\"elementor-heading-title elementor-size-default\">Neckarpark Q8<\/h1>\t\t\t\t<\/div>\n\t\t\t\t<\/div>\n\t\t\t\t<div class=\"elementor-element elementor-element-c309a86 elementor-widget elementor-widget-heading\" data-id=\"c309a86\" data-element_type=\"widget\" data-e-type=\"widget\" data-widget_type=\"heading.default\">\n\t\t\t\t<div class=\"elementor-widget-container\">\n\t\t\t\t\t<h2 class=\"elementor-heading-title elementor-size-default\">Bad Cannstatt<\/h2>\t\t\t\t<\/div>\n\t\t\t\t<\/div>\n\t\t\t\t<div class=\"elementor-element elementor-element-dec704a elementor-widget elementor-widget-text-editor\" data-id=\"dec704a\" data-element_type=\"widget\" data-e-type=\"widget\" data-widget_type=\"text-editor.default\">\n\t\t\t\t<div class=\"elementor-widget-container\">\n\t\t\t\t\t\t\t\t\t<div class=\"project-meta\"><div><span class=\"label\">CLIENT<\/span>Wolff &amp; M\u00fcller Holding GmbH &amp; Co. KG<\/div><div><span class=\"label\">PLACE<\/span>Neckarpark Bad Cannstatt<\/div><div><span class=\"label\">ARCHITECTURE<\/span>Schwarz Architekten LIMA Architekten<\/div><div><span class=\"label\">COMPLETION<\/span>2021<\/div><div><span class=\"label\">OUR SERVICES<\/span>Work and installation planning, planting planning, irrigation planning<\/div><\/div>\t\t\t\t\t\t\t\t<\/div>\n\t\t\t\t<\/div>\n\t\t\t\t<\/div>\n\t\t\t\t\t<\/div>\n\t\t\t\t<\/div>\n\t\t<div class=\"elementor-element elementor-element-811ce6e e-con-full e-flex wpr-particle-no wpr-jarallax-no wpr-parallax-no wpr-sticky-section-no e-con e-parent\" data-id=\"811ce6e\" data-element_type=\"container\" data-e-type=\"container\">\n\t\t<div class=\"elementor-element elementor-element-3f4f099 e-con-full e-flex wpr-particle-no wpr-jarallax-no wpr-parallax-no wpr-sticky-section-no e-con e-child\" data-id=\"3f4f099\" data-element_type=\"container\" data-e-type=\"container\">\n\t\t<div class=\"elementor-element elementor-element-c7d56d3 e-con-full e-flex wpr-particle-no wpr-jarallax-no wpr-parallax-no wpr-sticky-section-no e-con e-child\" data-id=\"c7d56d3\" data-element_type=\"container\" data-e-type=\"container\">\n\t\t\t\t<div class=\"elementor-element elementor-element-f044ef7 elementor-widget elementor-widget-text-editor\" data-id=\"f044ef7\" data-element_type=\"widget\" data-e-type=\"widget\" data-widget_type=\"text-editor.default\">\n\t\t\t\t<div class=\"elementor-widget-container\">\n\t\t\t\t\t\t\t\t\t<p>A stylish embedding of vertical gardens as an architectural puzzle piece in a new, modern district building - the Q8 building complex in Bad Cannstatt.<\/p><p>In the north of Stuttgart, opposite the Cannstatter Wasen, the southern end of the \u201cNeckarPark\u201d quarter was realized. In addition to the actual design of the buildings, the extensive fa\u00e7ade greening here also creates a connection to the adjacent \u201cGr\u00fcne Mitte\u201d - the center of the new quarter.<\/p>\t\t\t\t\t\t\t\t<\/div>\n\t\t\t\t<\/div>\n\t\t\t\t<\/div>\n\t\t\t\t<\/div>\n\t\t<div class=\"elementor-element elementor-element-c3b69e8 e-con-full e-flex wpr-particle-no wpr-jarallax-no wpr-parallax-no wpr-sticky-section-no e-con e-child\" data-id=\"c3b69e8\" data-element_type=\"container\" data-e-type=\"container\">\n\t\t\t\t<div class=\"elementor-element elementor-element-9e33475 elementor-widget elementor-widget-image\" data-id=\"9e33475\" data-element_type=\"widget\" data-e-type=\"widget\" data-widget_type=\"image.default\">\n\t\t\t\t<div class=\"elementor-widget-container\">\n\t\t\t\t\t\t\t\t\t\t\t\t\t\t\t<img fetchpriority=\"high\" decoding=\"async\" width=\"2048\" height=\"1578\" src=\"https:\/\/cityarc.de\/wp-content\/uploads\/2026\/03\/23-neckarpark-bearb.2048.webp\" class=\"attachment-full size-full wp-image-5382\" alt=\"\" srcset=\"https:\/\/cityarc.de\/wp-content\/uploads\/2026\/03\/23-neckarpark-bearb.2048.webp 2048w, https:\/\/cityarc.de\/wp-content\/uploads\/2026\/03\/23-neckarpark-bearb.2048-300x231.webp 300w, https:\/\/cityarc.de\/wp-content\/uploads\/2026\/03\/23-neckarpark-bearb.2048-1024x789.webp 1024w, https:\/\/cityarc.de\/wp-content\/uploads\/2026\/03\/23-neckarpark-bearb.2048-768x592.webp 768w, https:\/\/cityarc.de\/wp-content\/uploads\/2026\/03\/23-neckarpark-bearb.2048-1536x1184.webp 1536w, https:\/\/cityarc.de\/wp-content\/uploads\/2026\/03\/23-neckarpark-bearb.2048-16x12.webp 16w\" sizes=\"(max-width: 2048px) 100vw, 2048px\" \/>\t\t\t\t\t\t\t\t\t\t\t\t\t\t\t<\/div>\n\t\t\t\t<\/div>\n\t\t\t\t<\/div>\n\t\t\t\t<\/div>\n\t\t<div class=\"elementor-element elementor-element-99d254a e-con-full e-flex wpr-particle-no wpr-jarallax-no wpr-parallax-no wpr-sticky-section-no e-con e-parent\" data-id=\"99d254a\" data-element_type=\"container\" data-e-type=\"container\">\n\t\t<div class=\"elementor-element elementor-element-13d5870 e-con-full e-flex wpr-particle-no wpr-jarallax-no wpr-parallax-no wpr-sticky-section-no e-con e-child\" data-id=\"13d5870\" data-element_type=\"container\" data-e-type=\"container\">\n\t\t<div class=\"elementor-element elementor-element-38993ad e-con-full e-flex wpr-particle-no wpr-jarallax-no wpr-parallax-no wpr-sticky-section-no e-con e-child\" data-id=\"38993ad\" data-element_type=\"container\" data-e-type=\"container\">\n\t\t\t\t<div class=\"elementor-element elementor-element-52c7d0c elementor-widget elementor-widget-text-editor\" data-id=\"52c7d0c\" data-element_type=\"widget\" data-e-type=\"widget\" data-widget_type=\"text-editor.default\">\n\t\t\t\t<div class=\"elementor-widget-container\">\n\t\t\t\t\t\t\t\t\t<p>In addition to creating a contrasting play of colors between the red brick fa\u00e7ade and the green plant areas on the outer fa\u00e7ades, as well as the stylishly planted inner courtyard, the focus of the fa\u00e7ade greening was also on creating an optimal microclimate for the building and its surroundings.<\/p><p>Vibrant green as a visual contrast: <br \/>The targeted interweaving of green areas on the exterior fa\u00e7ades offers the red stone shade an optimal, complementary appearance. At the same time, the hard clinker brick fa\u00e7ade and the soft texture of the greenery provide an additional contrast on the surface level. Despite all the contrasts, the natural origin of the clay and the plants form a harmonious unit and lend the buildings a very natural and lively character.<\/p>\t\t\t\t\t\t\t\t<\/div>\n\t\t\t\t<\/div>\n\t\t\t\t<\/div>\n\t\t\t\t<\/div>\n\t\t<div class=\"elementor-element elementor-element-25d6af6 e-con-full e-flex wpr-particle-no wpr-jarallax-no wpr-parallax-no wpr-sticky-section-no e-con e-child\" data-id=\"25d6af6\" data-element_type=\"container\" data-e-type=\"container\">\n\t\t\t\t<div class=\"elementor-element elementor-element-bab8b2b elementor-widget elementor-widget-image\" data-id=\"bab8b2b\" data-element_type=\"widget\" data-e-type=\"widget\" data-widget_type=\"image.default\">\n\t\t\t\t<div class=\"elementor-widget-container\">\n\t\t\t\t\t\t\t\t\t\t\t\t\t\t\t<img decoding=\"async\" width=\"2048\" height=\"1536\" src=\"https:\/\/cityarc.de\/wp-content\/uploads\/2024\/12\/textblock-farbe.2048.webp\" class=\"attachment-full size-full wp-image-4222\" alt=\"\" srcset=\"https:\/\/cityarc.de\/wp-content\/uploads\/2024\/12\/textblock-farbe.2048.webp 2048w, https:\/\/cityarc.de\/wp-content\/uploads\/2024\/12\/textblock-farbe.2048-300x225.webp 300w, https:\/\/cityarc.de\/wp-content\/uploads\/2024\/12\/textblock-farbe.2048-1024x768.webp 1024w, https:\/\/cityarc.de\/wp-content\/uploads\/2024\/12\/textblock-farbe.2048-768x576.webp 768w, https:\/\/cityarc.de\/wp-content\/uploads\/2024\/12\/textblock-farbe.2048-1536x1152.webp 1536w, https:\/\/cityarc.de\/wp-content\/uploads\/2024\/12\/textblock-farbe.2048-16x12.webp 16w\" sizes=\"(max-width: 2048px) 100vw, 2048px\" \/>\t\t\t\t\t\t\t\t\t\t\t\t\t\t\t<\/div>\n\t\t\t\t<\/div>\n\t\t\t\t<\/div>\n\t\t\t\t<\/div>\n\t\t<div class=\"elementor-element elementor-element-87e2cfb e-con-full e-flex wpr-particle-no wpr-jarallax-no wpr-parallax-no wpr-sticky-section-no e-con e-parent\" data-id=\"87e2cfb\" data-element_type=\"container\" data-e-type=\"container\">\n\t\t<div class=\"elementor-element elementor-element-4d639e4 e-con-full e-flex wpr-particle-no wpr-jarallax-no wpr-parallax-no wpr-sticky-section-no e-con e-child\" data-id=\"4d639e4\" data-element_type=\"container\" data-e-type=\"container\">\n\t\t<div class=\"elementor-element elementor-element-f53bdb5 e-con-full e-flex wpr-particle-no wpr-jarallax-no wpr-parallax-no wpr-sticky-section-no e-con e-child\" data-id=\"f53bdb5\" data-element_type=\"container\" data-e-type=\"container\">\n\t\t\t\t<div class=\"elementor-element elementor-element-acd484c elementor-widget elementor-widget-text-editor\" data-id=\"acd484c\" data-element_type=\"widget\" data-e-type=\"widget\" data-widget_type=\"text-editor.default\">\n\t\t\t\t<div class=\"elementor-widget-container\">\n\t\t\t\t\t\t\t\t\t<p>Living greenery as a contribution to improving the urban climate:<\/p><p>In addition to the extensive green fa\u00e7ades, the buildings also have intensive green roofs. <br \/>The plants offer little surface area for the sun's rays to heat up, they shade the primary construction and also provide evaporative cooling. This means that the district buildings can be kept significantly cooler compared to ungreened construction methods. In addition, the green areas on the outer fa\u00e7ades and the generous greening of the fa\u00e7ade in the inner courtyard have a sound-absorbing effect. The pleasant microclimate has created an adjoining space with a very high quality of stay.<\/p>\t\t\t\t\t\t\t\t<\/div>\n\t\t\t\t<\/div>\n\t\t\t\t<\/div>\n\t\t\t\t<\/div>\n\t\t<div class=\"elementor-element elementor-element-c171e24 e-con-full e-flex wpr-particle-no wpr-jarallax-no wpr-parallax-no wpr-sticky-section-no e-con e-child\" data-id=\"c171e24\" data-element_type=\"container\" data-e-type=\"container\">\n\t\t\t\t<div class=\"elementor-element elementor-element-ab71cf8 elementor-widget elementor-widget-image\" data-id=\"ab71cf8\" data-element_type=\"widget\" data-e-type=\"widget\" data-widget_type=\"image.default\">\n\t\t\t\t<div class=\"elementor-widget-container\">\n\t\t\t\t\t\t\t\t\t\t\t\t\t\t\t<img decoding=\"async\" width=\"2048\" height=\"1536\" src=\"https:\/\/cityarc.de\/wp-content\/uploads\/2024\/12\/q8-2.2048.webp\" class=\"attachment-full size-full wp-image-4217\" alt=\"\" srcset=\"https:\/\/cityarc.de\/wp-content\/uploads\/2024\/12\/q8-2.2048.webp 2048w, https:\/\/cityarc.de\/wp-content\/uploads\/2024\/12\/q8-2.2048-300x225.webp 300w, https:\/\/cityarc.de\/wp-content\/uploads\/2024\/12\/q8-2.2048-1024x768.webp 1024w, https:\/\/cityarc.de\/wp-content\/uploads\/2024\/12\/q8-2.2048-768x576.webp 768w, https:\/\/cityarc.de\/wp-content\/uploads\/2024\/12\/q8-2.2048-1536x1152.webp 1536w, https:\/\/cityarc.de\/wp-content\/uploads\/2024\/12\/q8-2.2048-16x12.webp 16w\" sizes=\"(max-width: 2048px) 100vw, 2048px\" \/>\t\t\t\t\t\t\t\t\t\t\t\t\t\t\t<\/div>\n\t\t\t\t<\/div>\n\t\t\t\t<\/div>\n\t\t\t\t<\/div>\n\t\t<div class=\"elementor-element elementor-element-66a3503 e-con-full e-flex wpr-particle-no wpr-jarallax-no wpr-parallax-no wpr-sticky-section-no e-con e-parent\" data-id=\"66a3503\" data-element_type=\"container\" data-e-type=\"container\">\n\t\t<div class=\"elementor-element elementor-element-efd33e9 e-con-full e-flex wpr-particle-no wpr-jarallax-no wpr-parallax-no wpr-sticky-section-no e-con e-child\" data-id=\"efd33e9\" data-element_type=\"container\" data-e-type=\"container\">\n\t\t<div class=\"elementor-element elementor-element-02dba03 e-con-full e-flex wpr-particle-no wpr-jarallax-no wpr-parallax-no wpr-sticky-section-no e-con e-child\" data-id=\"02dba03\" data-element_type=\"container\" data-e-type=\"container\">\n\t\t\t\t<div class=\"elementor-element elementor-element-e72df2d elementor-widget elementor-widget-text-editor\" data-id=\"e72df2d\" data-element_type=\"widget\" data-e-type=\"widget\" data-widget_type=\"text-editor.default\">\n\t\t\t\t<div class=\"elementor-widget-container\">\n\t\t\t\t\t\t\t\t\t<p>The green inner courtyard invites you to linger and relax not only in summer but all year round. Plants that are evergreen and give the open space an inviting character were specially selected for this purpose.<br \/>Climbing trellises for climbing plants were installed on the facades in the inner courtyard, which will be quickly developed by the plants in the coming years and give the inner courtyard of the quarter a near-natural character.<\/p><p>To ensure the vital appearance and microclimatic performance of the greenery, a fully automated irrigation system supplies all planting areas with rainwater as required and sustainably.<\/p>\t\t\t\t\t\t\t\t<\/div>\n\t\t\t\t<\/div>\n\t\t\t\t<\/div>\n\t\t\t\t<\/div>\n\t\t<div class=\"elementor-element elementor-element-fb0d1fe e-con-full e-flex wpr-particle-no wpr-jarallax-no wpr-parallax-no wpr-sticky-section-no e-con e-child\" data-id=\"fb0d1fe\" data-element_type=\"container\" data-e-type=\"container\">\n\t\t\t\t<div class=\"elementor-element elementor-element-5ab48a8 elementor-widget elementor-widget-image\" data-id=\"5ab48a8\" data-element_type=\"widget\" data-e-type=\"widget\" data-widget_type=\"image.default\">\n\t\t\t\t<div class=\"elementor-widget-container\">\n\t\t\t\t\t\t\t\t\t\t\t\t\t\t\t<img loading=\"lazy\" decoding=\"async\" width=\"1920\" height=\"2560\" src=\"https:\/\/cityarc.de\/wp-content\/uploads\/2024\/12\/q8-innenhof.2048-scaled.webp\" class=\"attachment-full size-full wp-image-4220\" alt=\"\" srcset=\"https:\/\/cityarc.de\/wp-content\/uploads\/2024\/12\/q8-innenhof.2048-scaled.webp 1920w, https:\/\/cityarc.de\/wp-content\/uploads\/2024\/12\/q8-innenhof.2048-225x300.webp 225w, https:\/\/cityarc.de\/wp-content\/uploads\/2024\/12\/q8-innenhof.2048-768x1024.webp 768w, https:\/\/cityarc.de\/wp-content\/uploads\/2024\/12\/q8-innenhof.2048-1152x1536.webp 1152w, https:\/\/cityarc.de\/wp-content\/uploads\/2024\/12\/q8-innenhof.2048-1536x2048.webp 1536w, https:\/\/cityarc.de\/wp-content\/uploads\/2024\/12\/q8-innenhof.2048-9x12.webp 9w\" sizes=\"(max-width: 1920px) 100vw, 1920px\" \/>\t\t\t\t\t\t\t\t\t\t\t\t\t\t\t<\/div>\n\t\t\t\t<\/div>\n\t\t\t\t<\/div>\n\t\t\t\t<\/div>\n\t\t<div class=\"elementor-element elementor-element-e7e3493 e-flex e-con-boxed wpr-particle-no wpr-jarallax-no wpr-parallax-no wpr-sticky-section-no e-con e-parent\" data-id=\"e7e3493\" data-element_type=\"container\" data-e-type=\"container\">\n\t\t\t\t\t<div class=\"e-con-inner\">\n\t\t<div class=\"elementor-element elementor-element-89c3c98 e-con-full e-flex wpr-particle-no wpr-jarallax-no wpr-parallax-no wpr-sticky-section-no e-con e-child\" data-id=\"89c3c98\" data-element_type=\"container\" data-e-type=\"container\">\n\t\t\t\t<div class=\"elementor-element elementor-element-87e627d elementor-arrows-position-outside elementor-pagination-position-outside elementor-widget elementor-widget-image-carousel\" data-id=\"87e627d\" data-element_type=\"widget\" data-e-type=\"widget\" data-settings=\"{&quot;slides_to_show&quot;:&quot;3&quot;,&quot;navigation&quot;:&quot;both&quot;,&quot;infinite&quot;:&quot;yes&quot;,&quot;speed&quot;:500,&quot;image_spacing_custom&quot;:{&quot;unit&quot;:&quot;px&quot;,&quot;size&quot;:20,&quot;sizes&quot;:[]},&quot;image_spacing_custom_widescreen&quot;:{&quot;unit&quot;:&quot;px&quot;,&quot;size&quot;:&quot;&quot;,&quot;sizes&quot;:[]},&quot;image_spacing_custom_laptop&quot;:{&quot;unit&quot;:&quot;px&quot;,&quot;size&quot;:&quot;&quot;,&quot;sizes&quot;:[]},&quot;image_spacing_custom_tablet_extra&quot;:{&quot;unit&quot;:&quot;px&quot;,&quot;size&quot;:&quot;&quot;,&quot;sizes&quot;:[]},&quot;image_spacing_custom_tablet&quot;:{&quot;unit&quot;:&quot;px&quot;,&quot;size&quot;:&quot;&quot;,&quot;sizes&quot;:[]},&quot;image_spacing_custom_mobile_extra&quot;:{&quot;unit&quot;:&quot;px&quot;,&quot;size&quot;:&quot;&quot;,&quot;sizes&quot;:[]},&quot;image_spacing_custom_mobile&quot;:{&quot;unit&quot;:&quot;px&quot;,&quot;size&quot;:&quot;&quot;,&quot;sizes&quot;:[]}}\" data-widget_type=\"image-carousel.default\">\n\t\t\t\t<div class=\"elementor-widget-container\">\n\t\t\t\t\t\t\t<div class=\"elementor-image-carousel-wrapper swiper\" role=\"region\" aria-roledescription=\"carousel\" aria-label=\"Picture carousel\" dir=\"ltr\">\n\t\t\t<div class=\"elementor-image-carousel swiper-wrapper\" aria-live=\"polite\">\n\t\t\t\t\t\t\t\t<div class=\"swiper-slide\" role=\"group\" aria-roledescription=\"slide\" aria-label=\"1 von 3\"><a data-elementor-open-lightbox=\"yes\" data-elementor-lightbox-slideshow=\"87e627d\" data-elementor-lightbox-title=\"q8_bepflanzte_Fassade\" data-e-action-hash=\"#elementor-action%3Aaction%3Dlightbox%26settings%3DeyJpZCI6NDMwNiwidXJsIjoiaHR0cHM6XC9cL2NpdHlhcmMuZGVcL3dwLWNvbnRlbnRcL3VwbG9hZHNcLzIwMjVcLzAxXC9xOF9iZXBmbGFuenRlX0Zhc3NhZGUtc2NhbGVkLndlYnAiLCJzbGlkZXNob3ciOiI4N2U2MjdkIn0%3D\" href=\"https:\/\/cityarc.de\/wp-content\/uploads\/2025\/01\/q8_bepflanzte_Fassade-scaled.webp\"><figure class=\"swiper-slide-inner\"><img decoding=\"async\" class=\"swiper-slide-image\" src=\"https:\/\/cityarc.de\/wp-content\/uploads\/2025\/01\/q8_bepflanzte_Fassade-scaled.webp\" alt=\"q8_bepflanzte_Fassade\" \/><\/figure><\/a><\/div><div class=\"swiper-slide\" role=\"group\" aria-roledescription=\"slide\" aria-label=\"2 von 3\"><a data-elementor-open-lightbox=\"yes\" data-elementor-lightbox-slideshow=\"87e627d\" data-elementor-lightbox-title=\"Q8_gebauede\" data-e-action-hash=\"#elementor-action%3Aaction%3Dlightbox%26settings%3DeyJpZCI6NDMwNSwidXJsIjoiaHR0cHM6XC9cL2NpdHlhcmMuZGVcL3dwLWNvbnRlbnRcL3VwbG9hZHNcLzIwMjVcLzAxXC9ROF9nZWJhdWVkZS1zY2FsZWQud2VicCIsInNsaWRlc2hvdyI6Ijg3ZTYyN2QifQ%3D%3D\" href=\"https:\/\/cityarc.de\/wp-content\/uploads\/2025\/01\/Q8_gebauede-scaled.webp\"><figure class=\"swiper-slide-inner\"><img decoding=\"async\" class=\"swiper-slide-image\" src=\"https:\/\/cityarc.de\/wp-content\/uploads\/2025\/01\/Q8_gebauede-scaled.webp\" alt=\"Q8_gebauede\" \/><\/figure><\/a><\/div><div class=\"swiper-slide\" role=\"group\" aria-roledescription=\"slide\" aria-label=\"3 von 3\"><a data-elementor-open-lightbox=\"yes\" data-elementor-lightbox-slideshow=\"87e627d\" data-elementor-lightbox-title=\"Q8_Fassedenbegruenung\" data-e-action-hash=\"#elementor-action%3Aaction%3Dlightbox%26settings%3DeyJpZCI6NDMwMywidXJsIjoiaHR0cHM6XC9cL2NpdHlhcmMuZGVcL3dwLWNvbnRlbnRcL3VwbG9hZHNcLzIwMjVcLzAxXC9ROF9GYXNzZWRlbmJlZ3J1ZW51bmctZTE3MzY0MTQ1ODg3MjUud2VicCIsInNsaWRlc2hvdyI6Ijg3ZTYyN2QifQ%3D%3D\" href=\"https:\/\/cityarc.de\/wp-content\/uploads\/2025\/01\/Q8_Fassedenbegruenung-e1736414588725.webp\"><figure class=\"swiper-slide-inner\"><img decoding=\"async\" class=\"swiper-slide-image\" src=\"https:\/\/cityarc.de\/wp-content\/uploads\/2025\/01\/Q8_Fassedenbegruenung-e1736414588725.webp\" alt=\"Q8_Fassedenbegruenung\" \/><\/figure><\/a><\/div>\t\t\t<\/div>\n\t\t\t\t\t\t\t\t\t\t\t\t<div class=\"elementor-swiper-button elementor-swiper-button-prev\" role=\"button\" tabindex=\"0\">\n\t\t\t\t\t\t<svg aria-hidden=\"true\" class=\"e-font-icon-svg e-eicon-chevron-left\" viewbox=\"0 0 1000 1000\" xmlns=\"http:\/\/www.w3.org\/2000\/svg\"><path d=\"M646 125C629 125 613 133 604 142L308 442C296 454 292 471 292 487 292 504 296 521 308 533L604 854C617 867 629 875 646 875 663 875 679 871 692 858 704 846 713 829 713 812 713 796 708 779 692 767L438 487 692 225C700 217 708 204 708 187 708 171 704 154 692 142 675 129 663 125 646 125Z\"><\/path><\/svg>\t\t\t\t\t<\/div>\n\t\t\t\t\t<div class=\"elementor-swiper-button elementor-swiper-button-next\" role=\"button\" tabindex=\"0\">\n\t\t\t\t\t\t<svg aria-hidden=\"true\" class=\"e-font-icon-svg e-eicon-chevron-right\" viewbox=\"0 0 1000 1000\" xmlns=\"http:\/\/www.w3.org\/2000\/svg\"><path d=\"M696 533C708 521 713 504 713 487 713 471 708 454 696 446L400 146C388 133 375 125 354 125 338 125 325 129 313 142 300 154 292 171 292 187 292 204 296 221 308 233L563 492 304 771C292 783 288 800 288 817 288 833 296 850 308 863 321 871 338 875 354 875 371 875 388 867 400 854L696 533Z\"><\/path><\/svg>\t\t\t\t\t<\/div>\n\t\t\t\t\n\t\t\t\t\t\t\t\t\t<div class=\"swiper-pagination\"><\/div>\n\t\t\t\t\t\t\t\t\t<\/div>\n\t\t\t\t\t\t<\/div>\n\t\t\t\t<\/div>\n\t\t\t\t<\/div>\n\t\t\t\t\t<\/div>\n\t\t\t\t<\/div>\n\t\t\t\t<\/div>","protected":false},"excerpt":{"rendered":"<p>Neckarpark Q8 Bad Cannstatt AUFTRAGGEBERWolff &amp; M\u00fcller Holding GmbH &amp; Co. KGORTNeckarpark Bad CannstattARCHITEKTURSchwarz Architekten LIMA ArchitektenFERTIGSTELLUNG2021UNSERE LEISTUNGWerk- und Montageplanung, Pflanzplanung, Bew\u00e4sserungsplanung Eine stilvolle Einbettung von vertikalen G\u00e4rten als architektonisches Puzzleteil in ein neues, modernes Quartiersgeb\u00e4ude \u2013 der Geb\u00e4udekomplex Q8 in Bad Cannstatt. Im Norden Stuttgarts wurde gegen\u00fcber der Cannstatter Wasen der s\u00fcdliche Abschluss des Quartiers \u201eNeckarPark\u201c verwirklicht. Die umfangreiche Fassadenbegr\u00fcnung schafft hier neben der eigentlichen Gestaltung der Geb\u00e4ude auch eine Verbindung der angrenzenden \u201eGr\u00fcnen Mitte\u201c \u2013 dem Zentrum des neuen Quartiers. Im Fokus der Fassadenbegr\u00fcnung standen, neben der Schaffung eines kontrastierenden Farbspiels der roten Klinkerfassade und den gr\u00fcnen Pflanzenfl\u00e4chen an den Au\u00dfenfassaden, sowie dem stilvoll begr\u00fcnten Innenhof, auch gleichzeitig die Bildung eines optimalen Mikroklimas f\u00fcr die Geb\u00e4ude und Umgebung. Lebendiges Gr\u00fcn als optischer Kontrast: Das gezielte Einflechten von Gr\u00fcnfl\u00e4chen an den Au\u00dfenfassaden bietet dem roten Steinton einen optimalen, komplement\u00e4ren Auftritt. Gleichzeitig bietet die harte Klinkerfassade und die weiche Textur der Begr\u00fcnung einen zus\u00e4tzlichen Gegensatz auf Ebene der Oberfl\u00e4chen. Trotz aller Kontraste bilden der nat\u00fcrliche Ursprung des Tons und die Pflanzen eine harmonische Einheit und verleihen den Geb\u00e4uden einen sehr nat\u00fcrlichen und lebendigen Charakter. Lebendiges Gr\u00fcn als Beitrag zur Verbesserung des Stadtklimas: Neben der umfangreichen Fassadenbegr\u00fcnung verf\u00fcgen die Geb\u00e4ude jeweils auch \u00fcber intensive Dachbegr\u00fcnungen. Die Pflanzen bieten der Sonneneinstrahlung wenig Erhitzungsfl\u00e4che, sie schatten die Prim\u00e4rkonstruktion ab und sorgen zus\u00e4tzlich f\u00fcr Verdunstungsk\u00fchlung. Die Quartiersgeb\u00e4ude k\u00f6nnen so \u2013 im Vergleich zu unbegr\u00fcnten Bauweisen \u2013 deutlich k\u00fchler gehalten werden. Zus\u00e4tzlich wirken die Gr\u00fcnfl\u00e4chen an den Au\u00dfenfassaden, sowie die gro\u00dfz\u00fcgige Begr\u00fcnung der Fassade im Innenhof, schalld\u00e4mmend. Durch das angenehme Mikroklima ist ein angrenzender Raum mit sehr hoher Aufenthaltsqualit\u00e4t entstanden. Der begr\u00fcnte Innenhof l\u00e4dt nicht nur im Sommer sondern\u00a0 das ganze Jahr zum Verweilen und Ausruhen ein. Hierzu wurden eigens Pflanzen gew\u00e4hlt, die immergr\u00fcn sind\u00a0 und der Freifl\u00e4che einen einladenden Charakter schenken.An den Fassaden im Innenhof wurden Rankgitter f\u00fcr Kletterpflanzen angebracht, die in den kommenden Jahren von den Pflanzen z\u00fcgig erschlossen werden und dem Innenhof des Quartieres einen naturnahen Charakter verleihen. Damit die vitale Optik und die mikroklimatischen Leistungen der Begr\u00fcnungen gew\u00e4hrleistet sind, versorgt eine vollautomatisierte Bew\u00e4sserungsanlage alle Pflanzfl\u00e4chen bedarfsgerecht und nachhaltig mit Regenwasser.<\/p>","protected":false},"author":6,"featured_media":4219,"comment_status":"closed","ping_status":"open","sticky":false,"template":"","format":"standard","meta":{"footnotes":""},"categories":[23,24,18,19],"tags":[],"class_list":["post-4226","post","type-post","status-publish","format-standard","has-post-thumbnail","hentry","category-fassadenbegruenung-projekte","category-objektbegruenung","category-projekte","category-werk-und-montagplanung"],"yoast_head":"<!-- This site is optimized with the Yoast SEO plugin v27.5 - https:\/\/yoast.com\/product\/yoast-seo-wordpress\/ -->\n<title>Neckarpark Q8 Stuttgart \u2013 Fassadenbegr\u00fcnung Projekt | CityArc<\/title>\n<meta name=\"description\" content=\"Fassaden- und Dachbegr\u00fcnung im Quartier Neckarpark Q8 in Stuttgart-Bad Cannstatt. CityArc plante Pflanzkonzept, Werkplanung und Bew\u00e4sserungssysteme.\" \/>\n<meta name=\"robots\" content=\"index, follow, max-snippet:-1, max-image-preview:large, max-video-preview:-1\" \/>\n<link rel=\"canonical\" href=\"https:\/\/cityarc.de\/en\/neckarpark-q8\/\" \/>\n<meta property=\"og:locale\" content=\"en_US\" \/>\n<meta property=\"og:type\" content=\"article\" \/>\n<meta property=\"og:title\" content=\"Neckarpark Q8 Stuttgart \u2013 Fassadenbegr\u00fcnung Projekt | CityArc\" \/>\n<meta property=\"og:description\" content=\"Fassaden- und Dachbegr\u00fcnung im Quartier Neckarpark Q8 in Stuttgart-Bad Cannstatt. CityArc plante Pflanzkonzept, Werkplanung und Bew\u00e4sserungssysteme.\" \/>\n<meta property=\"og:url\" content=\"https:\/\/cityarc.de\/en\/neckarpark-q8\/\" \/>\n<meta property=\"og:site_name\" content=\"cityarc\" \/>\n<meta property=\"article:published_time\" content=\"2024-12-27T14:12:53+00:00\" \/>\n<meta property=\"article:modified_time\" content=\"2026-03-27T13:05:54+00:00\" \/>\n<meta property=\"og:image\" content=\"https:\/\/cityarc.de\/wp-content\/uploads\/2024\/12\/q8-header.2048.webp\" \/>\n\t<meta property=\"og:image:width\" content=\"2048\" \/>\n\t<meta property=\"og:image:height\" content=\"1536\" \/>\n\t<meta property=\"og:image:type\" content=\"image\/webp\" \/>\n<meta name=\"author\" content=\"Pamela Neussinger\" \/>\n<meta name=\"twitter:card\" content=\"summary_large_image\" \/>\n<meta name=\"twitter:label1\" content=\"Written by\" \/>\n\t<meta name=\"twitter:data1\" content=\"Pamela Neussinger\" \/>\n\t<meta name=\"twitter:label2\" content=\"Est. reading time\" \/>\n\t<meta name=\"twitter:data2\" content=\"5 minutes\" \/>\n<script type=\"application\/ld+json\" class=\"yoast-schema-graph\">{\"@context\":\"https:\\\/\\\/schema.org\",\"@graph\":[{\"@type\":\"Article\",\"@id\":\"https:\\\/\\\/cityarc.de\\\/neckarpark-q8\\\/#article\",\"isPartOf\":{\"@id\":\"https:\\\/\\\/cityarc.de\\\/neckarpark-q8\\\/\"},\"author\":{\"name\":\"Pamela Neussinger\",\"@id\":\"https:\\\/\\\/cityarc.de\\\/#\\\/schema\\\/person\\\/a60a3d5536c7ce383bbf515f82b8f6da\"},\"headline\":\"Neckarpark Q8\",\"datePublished\":\"2024-12-27T14:12:53+00:00\",\"dateModified\":\"2026-03-27T13:05:54+00:00\",\"mainEntityOfPage\":{\"@id\":\"https:\\\/\\\/cityarc.de\\\/neckarpark-q8\\\/\"},\"wordCount\":410,\"publisher\":{\"@id\":\"https:\\\/\\\/cityarc.de\\\/#organization\"},\"image\":{\"@id\":\"https:\\\/\\\/cityarc.de\\\/neckarpark-q8\\\/#primaryimage\"},\"thumbnailUrl\":\"https:\\\/\\\/cityarc.de\\\/wp-content\\\/uploads\\\/2024\\\/12\\\/q8-header.2048.webp\",\"articleSection\":[\"Fassadenbegr\u00fcnung\",\"Objektbegr\u00fcnung\",\"Projekte\",\"Werk- und Montagplanung\"],\"inLanguage\":\"en-US\"},{\"@type\":\"WebPage\",\"@id\":\"https:\\\/\\\/cityarc.de\\\/neckarpark-q8\\\/\",\"url\":\"https:\\\/\\\/cityarc.de\\\/neckarpark-q8\\\/\",\"name\":\"Neckarpark Q8 Stuttgart \u2013 Fassadenbegr\u00fcnung Projekt | CityArc\",\"isPartOf\":{\"@id\":\"https:\\\/\\\/cityarc.de\\\/#website\"},\"primaryImageOfPage\":{\"@id\":\"https:\\\/\\\/cityarc.de\\\/neckarpark-q8\\\/#primaryimage\"},\"image\":{\"@id\":\"https:\\\/\\\/cityarc.de\\\/neckarpark-q8\\\/#primaryimage\"},\"thumbnailUrl\":\"https:\\\/\\\/cityarc.de\\\/wp-content\\\/uploads\\\/2024\\\/12\\\/q8-header.2048.webp\",\"datePublished\":\"2024-12-27T14:12:53+00:00\",\"dateModified\":\"2026-03-27T13:05:54+00:00\",\"description\":\"Fassaden- und Dachbegr\u00fcnung im Quartier Neckarpark Q8 in Stuttgart-Bad Cannstatt. CityArc plante Pflanzkonzept, Werkplanung und Bew\u00e4sserungssysteme.\",\"breadcrumb\":{\"@id\":\"https:\\\/\\\/cityarc.de\\\/neckarpark-q8\\\/#breadcrumb\"},\"inLanguage\":\"en-US\",\"potentialAction\":[{\"@type\":\"ReadAction\",\"target\":[\"https:\\\/\\\/cityarc.de\\\/neckarpark-q8\\\/\"]}]},{\"@type\":\"ImageObject\",\"inLanguage\":\"en-US\",\"@id\":\"https:\\\/\\\/cityarc.de\\\/neckarpark-q8\\\/#primaryimage\",\"url\":\"https:\\\/\\\/cityarc.de\\\/wp-content\\\/uploads\\\/2024\\\/12\\\/q8-header.2048.webp\",\"contentUrl\":\"https:\\\/\\\/cityarc.de\\\/wp-content\\\/uploads\\\/2024\\\/12\\\/q8-header.2048.webp\",\"width\":2048,\"height\":1536},{\"@type\":\"BreadcrumbList\",\"@id\":\"https:\\\/\\\/cityarc.de\\\/neckarpark-q8\\\/#breadcrumb\",\"itemListElement\":[{\"@type\":\"ListItem\",\"position\":1,\"name\":\"Home\",\"item\":\"https:\\\/\\\/cityarc.de\\\/\"},{\"@type\":\"ListItem\",\"position\":2,\"name\":\"Neckarpark Q8\"}]},{\"@type\":\"WebSite\",\"@id\":\"https:\\\/\\\/cityarc.de\\\/#website\",\"url\":\"https:\\\/\\\/cityarc.de\\\/\",\"name\":\"cityarc - Institut f\u00fcr Stadtnatur\",\"description\":\"Institut f\u00fcr Stadtnatur\",\"publisher\":{\"@id\":\"https:\\\/\\\/cityarc.de\\\/#organization\"},\"potentialAction\":[{\"@type\":\"SearchAction\",\"target\":{\"@type\":\"EntryPoint\",\"urlTemplate\":\"https:\\\/\\\/cityarc.de\\\/?s={search_term_string}\"},\"query-input\":{\"@type\":\"PropertyValueSpecification\",\"valueRequired\":true,\"valueName\":\"search_term_string\"}}],\"inLanguage\":\"en-US\"},{\"@type\":\"Organization\",\"@id\":\"https:\\\/\\\/cityarc.de\\\/#organization\",\"name\":\"cityarc\",\"url\":\"https:\\\/\\\/cityarc.de\\\/\",\"logo\":{\"@type\":\"ImageObject\",\"inLanguage\":\"en-US\",\"@id\":\"https:\\\/\\\/cityarc.de\\\/#\\\/schema\\\/logo\\\/image\\\/\",\"url\":\"https:\\\/\\\/cityarc.de\\\/wp-content\\\/uploads\\\/2024\\\/06\\\/CityArc-Logo_Inst.png\",\"contentUrl\":\"https:\\\/\\\/cityarc.de\\\/wp-content\\\/uploads\\\/2024\\\/06\\\/CityArc-Logo_Inst.png\",\"width\":1011,\"height\":331,\"caption\":\"cityarc\"},\"image\":{\"@id\":\"https:\\\/\\\/cityarc.de\\\/#\\\/schema\\\/logo\\\/image\\\/\"}},{\"@type\":\"Person\",\"@id\":\"https:\\\/\\\/cityarc.de\\\/#\\\/schema\\\/person\\\/a60a3d5536c7ce383bbf515f82b8f6da\",\"name\":\"Pamela Neussinger\",\"image\":{\"@type\":\"ImageObject\",\"inLanguage\":\"en-US\",\"@id\":\"https:\\\/\\\/secure.gravatar.com\\\/avatar\\\/e0ec1f47286813a0f1fe2be130de04114dd99988c67107039a8e30f119ff3740?s=96&d=mm&r=g\",\"url\":\"https:\\\/\\\/secure.gravatar.com\\\/avatar\\\/e0ec1f47286813a0f1fe2be130de04114dd99988c67107039a8e30f119ff3740?s=96&d=mm&r=g\",\"contentUrl\":\"https:\\\/\\\/secure.gravatar.com\\\/avatar\\\/e0ec1f47286813a0f1fe2be130de04114dd99988c67107039a8e30f119ff3740?s=96&d=mm&r=g\",\"caption\":\"Pamela Neussinger\"}}]}<\/script>\n<!-- \/ Yoast SEO plugin. -->","yoast_head_json":{"title":"Neckarpark Q8 Stuttgart \u2013 Fassadenbegr\u00fcnung Projekt | CityArc","description":"Fassaden- und Dachbegr\u00fcnung im Quartier Neckarpark Q8 in Stuttgart-Bad Cannstatt. CityArc plante Pflanzkonzept, Werkplanung und Bew\u00e4sserungssysteme.","robots":{"index":"index","follow":"follow","max-snippet":"max-snippet:-1","max-image-preview":"max-image-preview:large","max-video-preview":"max-video-preview:-1"},"canonical":"https:\/\/cityarc.de\/en\/neckarpark-q8\/","og_locale":"en_US","og_type":"article","og_title":"Neckarpark Q8 Stuttgart \u2013 Fassadenbegr\u00fcnung Projekt | CityArc","og_description":"Fassaden- und Dachbegr\u00fcnung im Quartier Neckarpark Q8 in Stuttgart-Bad Cannstatt. CityArc plante Pflanzkonzept, Werkplanung und Bew\u00e4sserungssysteme.","og_url":"https:\/\/cityarc.de\/en\/neckarpark-q8\/","og_site_name":"cityarc","article_published_time":"2024-12-27T14:12:53+00:00","article_modified_time":"2026-03-27T13:05:54+00:00","og_image":[{"width":2048,"height":1536,"url":"https:\/\/cityarc.de\/wp-content\/uploads\/2024\/12\/q8-header.2048.webp","type":"image\/webp"}],"author":"Pamela Neussinger","twitter_card":"summary_large_image","twitter_misc":{"Written by":"Pamela Neussinger","Est. reading time":"5 minutes"},"schema":{"@context":"https:\/\/schema.org","@graph":[{"@type":"Article","@id":"https:\/\/cityarc.de\/neckarpark-q8\/#article","isPartOf":{"@id":"https:\/\/cityarc.de\/neckarpark-q8\/"},"author":{"name":"Pamela Neussinger","@id":"https:\/\/cityarc.de\/#\/schema\/person\/a60a3d5536c7ce383bbf515f82b8f6da"},"headline":"Neckarpark Q8","datePublished":"2024-12-27T14:12:53+00:00","dateModified":"2026-03-27T13:05:54+00:00","mainEntityOfPage":{"@id":"https:\/\/cityarc.de\/neckarpark-q8\/"},"wordCount":410,"publisher":{"@id":"https:\/\/cityarc.de\/#organization"},"image":{"@id":"https:\/\/cityarc.de\/neckarpark-q8\/#primaryimage"},"thumbnailUrl":"https:\/\/cityarc.de\/wp-content\/uploads\/2024\/12\/q8-header.2048.webp","articleSection":["Fassadenbegr\u00fcnung","Objektbegr\u00fcnung","Projekte","Werk- und Montagplanung"],"inLanguage":"en-US"},{"@type":"WebPage","@id":"https:\/\/cityarc.de\/neckarpark-q8\/","url":"https:\/\/cityarc.de\/neckarpark-q8\/","name":"Neckarpark Q8 Stuttgart \u2013 Fassadenbegr\u00fcnung Projekt | CityArc","isPartOf":{"@id":"https:\/\/cityarc.de\/#website"},"primaryImageOfPage":{"@id":"https:\/\/cityarc.de\/neckarpark-q8\/#primaryimage"},"image":{"@id":"https:\/\/cityarc.de\/neckarpark-q8\/#primaryimage"},"thumbnailUrl":"https:\/\/cityarc.de\/wp-content\/uploads\/2024\/12\/q8-header.2048.webp","datePublished":"2024-12-27T14:12:53+00:00","dateModified":"2026-03-27T13:05:54+00:00","description":"Fassaden- und Dachbegr\u00fcnung im Quartier Neckarpark Q8 in Stuttgart-Bad Cannstatt. CityArc plante Pflanzkonzept, Werkplanung und Bew\u00e4sserungssysteme.","breadcrumb":{"@id":"https:\/\/cityarc.de\/neckarpark-q8\/#breadcrumb"},"inLanguage":"en-US","potentialAction":[{"@type":"ReadAction","target":["https:\/\/cityarc.de\/neckarpark-q8\/"]}]},{"@type":"ImageObject","inLanguage":"en-US","@id":"https:\/\/cityarc.de\/neckarpark-q8\/#primaryimage","url":"https:\/\/cityarc.de\/wp-content\/uploads\/2024\/12\/q8-header.2048.webp","contentUrl":"https:\/\/cityarc.de\/wp-content\/uploads\/2024\/12\/q8-header.2048.webp","width":2048,"height":1536},{"@type":"BreadcrumbList","@id":"https:\/\/cityarc.de\/neckarpark-q8\/#breadcrumb","itemListElement":[{"@type":"ListItem","position":1,"name":"Home","item":"https:\/\/cityarc.de\/"},{"@type":"ListItem","position":2,"name":"Neckarpark Q8"}]},{"@type":"WebSite","@id":"https:\/\/cityarc.de\/#website","url":"https:\/\/cityarc.de\/","name":"cityarc - Institut f\u00fcr Stadtnatur","description":"Institut f\u00fcr Stadtnatur","publisher":{"@id":"https:\/\/cityarc.de\/#organization"},"potentialAction":[{"@type":"SearchAction","target":{"@type":"EntryPoint","urlTemplate":"https:\/\/cityarc.de\/?s={search_term_string}"},"query-input":{"@type":"PropertyValueSpecification","valueRequired":true,"valueName":"search_term_string"}}],"inLanguage":"en-US"},{"@type":"Organization","@id":"https:\/\/cityarc.de\/#organization","name":"cityarc","url":"https:\/\/cityarc.de\/","logo":{"@type":"ImageObject","inLanguage":"en-US","@id":"https:\/\/cityarc.de\/#\/schema\/logo\/image\/","url":"https:\/\/cityarc.de\/wp-content\/uploads\/2024\/06\/CityArc-Logo_Inst.png","contentUrl":"https:\/\/cityarc.de\/wp-content\/uploads\/2024\/06\/CityArc-Logo_Inst.png","width":1011,"height":331,"caption":"cityarc"},"image":{"@id":"https:\/\/cityarc.de\/#\/schema\/logo\/image\/"}},{"@type":"Person","@id":"https:\/\/cityarc.de\/#\/schema\/person\/a60a3d5536c7ce383bbf515f82b8f6da","name":"Pamela Neussinger","image":{"@type":"ImageObject","inLanguage":"en-US","@id":"https:\/\/secure.gravatar.com\/avatar\/e0ec1f47286813a0f1fe2be130de04114dd99988c67107039a8e30f119ff3740?s=96&d=mm&r=g","url":"https:\/\/secure.gravatar.com\/avatar\/e0ec1f47286813a0f1fe2be130de04114dd99988c67107039a8e30f119ff3740?s=96&d=mm&r=g","contentUrl":"https:\/\/secure.gravatar.com\/avatar\/e0ec1f47286813a0f1fe2be130de04114dd99988c67107039a8e30f119ff3740?s=96&d=mm&r=g","caption":"Pamela Neussinger"}}]}},"_links":{"self":[{"href":"https:\/\/cityarc.de\/en\/wp-json\/wp\/v2\/posts\/4226","targetHints":{"allow":["GET"]}}],"collection":[{"href":"https:\/\/cityarc.de\/en\/wp-json\/wp\/v2\/posts"}],"about":[{"href":"https:\/\/cityarc.de\/en\/wp-json\/wp\/v2\/types\/post"}],"author":[{"embeddable":true,"href":"https:\/\/cityarc.de\/en\/wp-json\/wp\/v2\/users\/6"}],"replies":[{"embeddable":true,"href":"https:\/\/cityarc.de\/en\/wp-json\/wp\/v2\/comments?post=4226"}],"version-history":[{"count":55,"href":"https:\/\/cityarc.de\/en\/wp-json\/wp\/v2\/posts\/4226\/revisions"}],"predecessor-version":[{"id":5542,"href":"https:\/\/cityarc.de\/en\/wp-json\/wp\/v2\/posts\/4226\/revisions\/5542"}],"wp:featuredmedia":[{"embeddable":true,"href":"https:\/\/cityarc.de\/en\/wp-json\/wp\/v2\/media\/4219"}],"wp:attachment":[{"href":"https:\/\/cityarc.de\/en\/wp-json\/wp\/v2\/media?parent=4226"}],"wp:term":[{"taxonomy":"category","embeddable":true,"href":"https:\/\/cityarc.de\/en\/wp-json\/wp\/v2\/categories?post=4226"},{"taxonomy":"post_tag","embeddable":true,"href":"https:\/\/cityarc.de\/en\/wp-json\/wp\/v2\/tags?post=4226"}],"curies":[{"name":"wp","href":"https:\/\/api.w.org\/{rel}","templated":true}]}}